{"id":1060,"date":"2020-04-06T11:20:08","date_gmt":"2020-04-06T09:20:08","guid":{"rendered":"https:\/\/www.expert-graphiste.be\/blog\/?p=1060"},"modified":"2025-02-08T15:39:30","modified_gmt":"2025-02-08T14:39:30","slug":"grep-quelques-requetes","status":"publish","type":"post","link":"https:\/\/www.expert-graphiste.be\/blog\/grep-quelques-requetes\/","title":{"rendered":"GREP, quelques requ\u00eates"},"content":{"rendered":"\n<p>Cet article est un regroupement de diff\u00e9rentes requ\u00eates GREP pouvant \u00eatre utiles\u2026<\/p>\n\n\n\n<p>Je vous sugg\u00e8re tout d\u2019abord de (re)lire l\u2019article <em><a rel=\"noreferrer noopener\" aria-label=\"cliquez ici pour le lire dans une nouvelle fen\u00eatre (opens in a new tab)\" href=\"https:\/\/www.expert-graphiste.be\/blog\/grep-et-indesign\/\" target=\"_blank\">Grep et InDesign<\/a><\/em> sur ce blog.<\/p>\n\n\n\n<!--more-->\n\n\n\n<p>Ensuite, je vous propose ce site: <a href=\"https:\/\/www.regexpal.com\/\">Regex Tester<\/a>. Il permet de tester votre requ\u00eate GREP et de voir directement le r\u00e9sultat sur un texte. Attention\u2026 certaines regex sont propres \u00e0 InDesign et ne fonctionneront pas sur ce site (les espaces ins\u00e9cables, les fines\u2026).<\/p>\n\n\n\n<h2 class=\"wp-block-heading\">Rappel avant de commencer<\/h2>\n\n\n\n<ul class=\"wp-block-list\"><li><code>\\d<\/code> permet de rechercher un chiffre.<\/li><li><code>.<\/code> (un point) recherche n\u2019importe quel caract\u00e8re.<\/li><li>Les accolades <code>{}<\/code> permettent de dire le nombre de fois que l\u2019on recherche un motif. <br>Par exemple, <code>.{3}<\/code> recherche exactement 3&nbsp;caract\u00e8res. Lorsqu\u2019il y a deux chiffres dans l\u2019accolade s\u00e9par\u00e9s par une virgule <code>{<em>x<\/em>,<em>y<\/em>}<\/code>, cela signifie qu\u2019on recherche le motif au moins <em>x<\/em> fois et au plus <em>y<\/em> fois. <br>Dans l\u2019expression <code>.{2,7}<\/code>, on recherche au moins deux&nbsp;caract\u00e8res et au plus sept&nbsp;caract\u00e8res.<\/li><li>La barre verticale <code>|<\/code> correspond \u00e0 \u201cou\u201d. Par exemple&nbsp;: <code>(Madame|Monsieur)&nbsp;Durant<\/code> va rechercher <em>Madame Durant<\/em> <strong>ou<\/strong> <em>Monsieur Durant<\/em>.<\/li><\/ul>\n\n\n\n<hr class=\"wp-block-separator\"\/>\n\n\n\n<h2 class=\"wp-block-heading\">Changer l\u2019ordre d\u2019une date<\/h2>\n\n\n\n<p>Il arrive que l\u2019on re\u00e7oive un texte avec des dates encod\u00e9es \u00e0 l\u2019am\u00e9ricaine&nbsp;: mois\/jour\/ann\u00e9e.<\/p>\n\n\n\n<p>Voici une requ\u00eate pour remettre cela dans l\u2019ordre (jour\/mois\/ann\u00e9e)&nbsp;:<\/p>\n\n\n\n<ul class=\"wp-block-list\"><li>Rechercher&nbsp;: <code>(\\d{1,2})\/(\\d{1,2})\/(\\d{4})<\/code><\/li><li>Remplacer&nbsp;: <code>$2\/$1\/$3<\/code><\/li><\/ul>\n\n\n\n<h3 class=\"wp-block-heading\">Explications<\/h3>\n\n\n\n<p>Je <strong>cherche<\/strong> un ou deux chiffres <code>\\d{1,2}<\/code>, suivi d\u2019un <code>\/<\/code>, suivi d\u2019un ou deux chiffres <code>\\d{1,2}<\/code>, suivi d\u2019un <code>\/<\/code>, suivi de 4 chiffres <code>\\d{4}<\/code>.<br>Chaque groupe de chiffres est entre parenth\u00e8ses, ce qui correspond \u00e0 des sous-expressions (num\u00e9rot\u00e9es de 1 \u00e0 3 dans notre cas). Il suffit ensuite de permuter l\u2019ordre des deux premi\u00e8res sous-expressions, et de garder la troisi\u00e8me \u00e0 sa place.<br>Je <strong>remplace<\/strong> par le 2<sup>e<\/sup> groupe, puis le 1<sup>er<\/sup> et enfin le 3<sup>e<\/sup>.<\/p>\n\n\n\n<hr class=\"wp-block-separator\"\/>\n\n\n\n<p>Il est imp\u00e9ratif de garder ensemble un montant et son unit\u00e9 mon\u00e9taire. Par exemple, <code>350 \u20ac<\/code> doit former un groupe ins\u00e9cable. Il est hors de question d\u2019avoir le <code>350<\/code> au bout d\u2019une ligne et le <code>\u20ac<\/code> \u00e0 la ligne suivante. Cela perturbe compl\u00e8tement la lecture. <\/p>\n\n\n\n<h2 class=\"wp-block-heading\">Grouper un montant et son unit\u00e9 mon\u00e9taire<\/h2>\n\n\n\n<p>Il y a plusieurs possibilit\u00e9s pour grouper un montant et son unit\u00e9 mon\u00e9taire. Je vous en pr\u00e9sente une ici assez simple \u00e0 mettre en place.<\/p>\n\n\n\n<ul class=\"wp-block-list\"><li>Rechercher&nbsp;: <code>(\\d) (\u20ac|$|K\u20ac|EUR|USD|CHF|GBP)<\/code><\/li><li>Remplacer&nbsp;: <code>$1~S$2<\/code><\/li><\/ul>\n\n\n\n<h3 class=\"wp-block-heading\">Explications<\/h3>\n\n\n\n<p>Je <strong>cherche<\/strong> un chiffre <code>(\\d)<\/code>, suivi d\u2019une espace, suivi de <code>\u20ac<\/code> <em>ou<\/em> <code>$<\/code> <em>ou<\/em> <code>K\u20ac<\/code> <em>ou<\/em> <code>EUR<\/code> <em>ou<\/em> <code>USD<\/code> <em>ou<\/em> <code>CHF<\/code> <em>ou<\/em> <code>GBP<\/code>. <br>Et je <strong>remplace<\/strong> par le premier groupe trouv\u00e9 <code>$1<\/code>, suivi d\u2019une espace ins\u00e9cable <code>~S<\/code>, suivi du deuxi\u00e8me groupe trouv\u00e9 <code>$2<\/code>.<\/p>\n\n\n\n<h3 class=\"wp-block-heading\">Notes<\/h3>\n\n\n\n<ul class=\"wp-block-list\"><li>pour les unit\u00e9s de poids (kg), de longueurs (km), de surfaces (cm<sup>2<\/sup>), de volumes (m<sup>3<\/sup>), la requ\u00eate est <code>(\\d)&nbsp;(kg|hg|dag|g|dg|cg|mg|km|hm|dam|m|dm|cm|mm)<\/code>.<\/li><li>si l\u2019unit\u00e9 se trouve devant (comme le $, par exemple), la requ\u00eate est simplement invers\u00e9e&nbsp;: <code>($)&nbsp;(\\d)<\/code><\/li><\/ul>\n\n\n\n<p>Dans les deux cas, le champ \u201cremplacer\u201d ne change pas&nbsp;: <code>$1~S$2<\/code> <\/p>\n\n\n\n<hr class=\"wp-block-separator\"\/>\n\n\n\n<h2 class=\"wp-block-heading\">Changer les&nbsp;apostrophes et guillemets droits en apostrophes et guillemets typographiques<\/h2>\n\n\n\n<p>Si vous avez un document dans lequel il y a des apostrophes droites et\/ou des guillemets droits que vous d\u00e9sirez remplacer par des apostrophes et guillemets typographiques, voici un requ\u00eate pour faire un changement complet.<\/p>\n\n\n\n<p>Tout d\u2019abord, dans les pr\u00e9f\u00e9rences, assurez-vous de cocher \u201cUtiliser les guillemets typographiques\u201d dans le menu \u201cTexte\u201d.<\/p>\n\n\n\n<figure class=\"wp-block-image size-large\"><img loading=\"lazy\" decoding=\"async\" width=\"645\" height=\"185\" src=\"https:\/\/www.expert-graphiste.be\/blog\/wp-content\/uploads\/2020\/02\/Pref-Guillemets.png\" alt=\"Pr\u00e9f\u00e9rences - Utiliser les guillemets typographiques\" class=\"wp-image-1061\" srcset=\"https:\/\/www.expert-graphiste.be\/blog\/wp-content\/uploads\/2020\/02\/Pref-Guillemets.png 645w, https:\/\/www.expert-graphiste.be\/blog\/wp-content\/uploads\/2020\/02\/Pref-Guillemets-300x86.png 300w, https:\/\/www.expert-graphiste.be\/blog\/wp-content\/uploads\/2020\/02\/Pref-Guillemets-640x185.png 640w\" sizes=\"auto, (max-width: 645px) 100vw, 645px\" \/><figcaption><em>Utiliser les guillemets typographiques<\/em><\/figcaption><\/figure>\n\n\n\n<p>Ensuite, faites une recherche GREP&nbsp;:<\/p>\n\n\n\n<ul class=\"wp-block-list\"><li>Rechercher&nbsp;: <code>'|\"<\/code><\/li><li>Remplacer&nbsp;: <code>$0<\/code><\/li><\/ul>\n\n\n\n<h3 class=\"wp-block-heading\">Explication<\/h3>\n\n\n\n<p>Je <strong>recherche<\/strong> une apostrophe droite <code>'<\/code> ou <code>|<\/code> un guillemet droit <code>\"<\/code> et je <strong>remplace<\/strong> par le r\u00e9sultat de ma recherche <code>$0<\/code>.<\/p>\n\n\n\n<p>InDesign va automatiquement remplacer les apostrophes et guillemets droits en apostrophes et guillemets typographiques gr\u00e2ce \u00e0 l\u2019option coch\u00e9e pr\u00e9c\u00e9demment.<\/p>\n\n\n\n<hr class=\"wp-block-separator\"\/>\n\n\n\n<h2 class=\"wp-block-heading\">Ins\u00e9rer des espaces fines entre les chevrons<\/h2>\n\n\n\n<p>C\u2019est \u00e0 peu pr\u00e8s la m\u00eame chose que pour le changement de date\u2026 on travaille avec les sous-expressions.<\/p>\n\n\n\n<ul class=\"wp-block-list\"><li>Rechercher&nbsp;: <code>(\u00ab)(.+?)(\u00bb)<\/code><\/li><li>Remplacer&nbsp;: <code>$1~&lt;$2~&lt;$3<\/code><\/li><\/ul>\n\n\n\n<h3 class=\"wp-block-heading\">Explications<\/h3>\n\n\n\n<p>Je <strong>recherche<\/strong> le guillemet ouvrant, un ou plusieurs caract\u00e8res (correspondance la plus courte [voir <a href=\"https:\/\/www.expert-graphiste.be\/blog\/grep-et-indesign\/#repetitions\">ici<\/a> pour les explications des r\u00e9p\u00e9titions]) et le guillemet fermant. Et je&nbsp;<strong>remplace<\/strong>&nbsp;par le 1<sup>er<\/sup> groupe trouv\u00e9&nbsp;<code>$1<\/code>, suivi d\u2019une espace fine&nbsp;<code>~&lt;<\/code>, suivi du 2<sup>e<\/sup> groupe trouv\u00e9&nbsp;<code>$2<\/code>, suivi d\u2019une espace fine&nbsp;<code>~&lt;<\/code>, suivi du 3<sup>e<\/sup> groupe trouv\u00e9&nbsp;<code>$2<\/code>.<\/p>\n\n\n\n<hr class=\"wp-block-separator\"\/>\n\n\n\n<p>Pour finir cet article, je vous conseille de rejoindre l\u2019excellent groupe Facebook <a rel=\"noreferrer noopener\" aria-label=\"TreasuresofGrep (opens in a new tab)\" href=\"https:\/\/www.facebook.com\/groups\/TreasuresofGrep\/\" target=\"_blank\">TreasuresofGrep<\/a><a href=\"https:\/\/www.facebook.com\/groups\/TreasuresofGrep\/\"><\/a> cr\u00e9\u00e9e par le Canadien Jean-Claude Tremblay.<\/p>\n\n\n\n<p><\/p>\n","protected":false},"excerpt":{"rendered":"<p>Cet article est un regroupement de diff\u00e9rentes requ\u00eates GREP pouvant \u00eatre utiles\u2026 Je vous sugg\u00e8re tout d\u2019abord de (re)lire l\u2019article Grep et InDesign sur ce blog.<\/p>\n","protected":false},"author":1,"featured_media":531,"comment_status":"closed","ping_status":"closed","sticky":false,"template":"","format":"standard","meta":{"footnotes":""},"categories":[9,7,11],"tags":[30,28,31],"class_list":["post-1060","post","type-post","status-publish","format-standard","has-post-thumbnail","hentry","category-grep","category-indesign","category-trucs-astuces","tag-grep","tag-indesign","tag-trucs-astuces"],"yoast_head":"<!-- This site is optimized with the Yoast SEO plugin v27.4 - https:\/\/yoast.com\/product\/yoast-seo-wordpress\/ -->\n<title>GREP, quelques requ\u00eates - Le blog du graphiste - InDesign<\/title>\n<meta name=\"description\" content=\"grep, InDesign, indesign GREP, Rechercher \/ remplacer, trucs &amp; astuces\" \/>\n<meta name=\"robots\" content=\"index, follow, max-snippet:-1, max-image-preview:large, max-video-preview:-1\" \/>\n<link rel=\"canonical\" href=\"https:\/\/www.expert-graphiste.be\/blog\/grep-quelques-requetes\/\" \/>\n<meta property=\"og:locale\" content=\"fr_FR\" \/>\n<meta property=\"og:type\" content=\"article\" \/>\n<meta property=\"og:title\" content=\"GREP, quelques requ\u00eates - Le blog du graphiste - InDesign\" \/>\n<meta property=\"og:description\" content=\"grep, InDesign, indesign GREP, Rechercher \/ remplacer, trucs &amp; astuces\" \/>\n<meta property=\"og:url\" content=\"https:\/\/www.expert-graphiste.be\/blog\/grep-quelques-requetes\/\" \/>\n<meta property=\"og:site_name\" content=\"Le blog du graphiste\" \/>\n<meta property=\"article:published_time\" content=\"2020-04-06T09:20:08+00:00\" \/>\n<meta property=\"article:modified_time\" content=\"2025-02-08T14:39:30+00:00\" \/>\n<meta property=\"og:image\" content=\"https:\/\/www.expert-graphiste.be\/blog\/wp-content\/uploads\/2019\/12\/recherche-grep-scaled.jpg\" \/>\n\t<meta property=\"og:image:width\" content=\"2560\" \/>\n\t<meta property=\"og:image:height\" content=\"1920\" \/>\n\t<meta property=\"og:image:type\" content=\"image\/jpeg\" \/>\n<meta name=\"author\" content=\"Olivier\" \/>\n<meta name=\"twitter:card\" content=\"summary_large_image\" \/>\n<meta name=\"twitter:label1\" content=\"\u00c9crit par\" \/>\n\t<meta name=\"twitter:data1\" content=\"Olivier\" \/>\n\t<meta name=\"twitter:label2\" content=\"Dur\u00e9e de lecture estim\u00e9e\" \/>\n\t<meta name=\"twitter:data2\" content=\"4 minutes\" \/>\n<script type=\"application\/ld+json\" class=\"yoast-schema-graph\">{\"@context\":\"https:\\\/\\\/schema.org\",\"@graph\":[{\"@type\":\"Article\",\"@id\":\"https:\\\/\\\/www.expert-graphiste.be\\\/blog\\\/grep-quelques-requetes\\\/#article\",\"isPartOf\":{\"@id\":\"https:\\\/\\\/www.expert-graphiste.be\\\/blog\\\/grep-quelques-requetes\\\/\"},\"author\":{\"name\":\"Olivier\",\"@id\":\"https:\\\/\\\/www.expert-graphiste.be\\\/blog\\\/#\\\/schema\\\/person\\\/944c6dee9a49722c7e750d3361d3990c\"},\"headline\":\"GREP, quelques requ\u00eates\",\"datePublished\":\"2020-04-06T09:20:08+00:00\",\"dateModified\":\"2025-02-08T14:39:30+00:00\",\"mainEntityOfPage\":{\"@id\":\"https:\\\/\\\/www.expert-graphiste.be\\\/blog\\\/grep-quelques-requetes\\\/\"},\"wordCount\":720,\"publisher\":{\"@id\":\"https:\\\/\\\/www.expert-graphiste.be\\\/blog\\\/#\\\/schema\\\/person\\\/944c6dee9a49722c7e750d3361d3990c\"},\"image\":{\"@id\":\"https:\\\/\\\/www.expert-graphiste.be\\\/blog\\\/grep-quelques-requetes\\\/#primaryimage\"},\"thumbnailUrl\":\"https:\\\/\\\/www.expert-graphiste.be\\\/blog\\\/wp-content\\\/uploads\\\/2019\\\/12\\\/recherche-grep-scaled.jpg\",\"keywords\":[\"GREP\",\"InDesign\",\"Trucs &amp; astuces\"],\"articleSection\":[\"GREP\",\"Indesign\",\"Trucs &amp; astuces\"],\"inLanguage\":\"fr-FR\"},{\"@type\":\"WebPage\",\"@id\":\"https:\\\/\\\/www.expert-graphiste.be\\\/blog\\\/grep-quelques-requetes\\\/\",\"url\":\"https:\\\/\\\/www.expert-graphiste.be\\\/blog\\\/grep-quelques-requetes\\\/\",\"name\":\"GREP, quelques requ\u00eates - Le blog du graphiste - InDesign\",\"isPartOf\":{\"@id\":\"https:\\\/\\\/www.expert-graphiste.be\\\/blog\\\/#website\"},\"primaryImageOfPage\":{\"@id\":\"https:\\\/\\\/www.expert-graphiste.be\\\/blog\\\/grep-quelques-requetes\\\/#primaryimage\"},\"image\":{\"@id\":\"https:\\\/\\\/www.expert-graphiste.be\\\/blog\\\/grep-quelques-requetes\\\/#primaryimage\"},\"thumbnailUrl\":\"https:\\\/\\\/www.expert-graphiste.be\\\/blog\\\/wp-content\\\/uploads\\\/2019\\\/12\\\/recherche-grep-scaled.jpg\",\"datePublished\":\"2020-04-06T09:20:08+00:00\",\"dateModified\":\"2025-02-08T14:39:30+00:00\",\"description\":\"grep, InDesign, indesign GREP, Rechercher \\\/ remplacer, trucs & astuces\",\"breadcrumb\":{\"@id\":\"https:\\\/\\\/www.expert-graphiste.be\\\/blog\\\/grep-quelques-requetes\\\/#breadcrumb\"},\"inLanguage\":\"fr-FR\",\"potentialAction\":[{\"@type\":\"ReadAction\",\"target\":[\"https:\\\/\\\/www.expert-graphiste.be\\\/blog\\\/grep-quelques-requetes\\\/\"]}]},{\"@type\":\"ImageObject\",\"inLanguage\":\"fr-FR\",\"@id\":\"https:\\\/\\\/www.expert-graphiste.be\\\/blog\\\/grep-quelques-requetes\\\/#primaryimage\",\"url\":\"https:\\\/\\\/www.expert-graphiste.be\\\/blog\\\/wp-content\\\/uploads\\\/2019\\\/12\\\/recherche-grep-scaled.jpg\",\"contentUrl\":\"https:\\\/\\\/www.expert-graphiste.be\\\/blog\\\/wp-content\\\/uploads\\\/2019\\\/12\\\/recherche-grep-scaled.jpg\",\"width\":2560,\"height\":1920},{\"@type\":\"BreadcrumbList\",\"@id\":\"https:\\\/\\\/www.expert-graphiste.be\\\/blog\\\/grep-quelques-requetes\\\/#breadcrumb\",\"itemListElement\":[{\"@type\":\"ListItem\",\"position\":1,\"name\":\"Accueil\",\"item\":\"https:\\\/\\\/www.expert-graphiste.be\\\/blog\\\/\"},{\"@type\":\"ListItem\",\"position\":2,\"name\":\"GREP, quelques requ\u00eates\"}]},{\"@type\":\"WebSite\",\"@id\":\"https:\\\/\\\/www.expert-graphiste.be\\\/blog\\\/#website\",\"url\":\"https:\\\/\\\/www.expert-graphiste.be\\\/blog\\\/\",\"name\":\"Le blog du graphiste\u00a0~ Olivier Berquin\",\"description\":\"Des informations sur le monde du graphisme, d\u2019InDesign, de la typographie et d\u2019autres choses encore\",\"publisher\":{\"@id\":\"https:\\\/\\\/www.expert-graphiste.be\\\/blog\\\/#\\\/schema\\\/person\\\/944c6dee9a49722c7e750d3361d3990c\"},\"potentialAction\":[{\"@type\":\"SearchAction\",\"target\":{\"@type\":\"EntryPoint\",\"urlTemplate\":\"https:\\\/\\\/www.expert-graphiste.be\\\/blog\\\/?s={search_term_string}\"},\"query-input\":{\"@type\":\"PropertyValueSpecification\",\"valueRequired\":true,\"valueName\":\"search_term_string\"}}],\"inLanguage\":\"fr-FR\"},{\"@type\":[\"Person\",\"Organization\"],\"@id\":\"https:\\\/\\\/www.expert-graphiste.be\\\/blog\\\/#\\\/schema\\\/person\\\/944c6dee9a49722c7e750d3361d3990c\",\"name\":\"Olivier\",\"logo\":{\"@id\":\"https:\\\/\\\/www.expert-graphiste.be\\\/blog\\\/#\\\/schema\\\/person\\\/image\\\/\"},\"sameAs\":[\"https:\\\/\\\/expert-graphiste.be\"],\"url\":\"https:\\\/\\\/www.expert-graphiste.be\\\/blog\\\/author\\\/olby\\\/\"}]}<\/script>\n<!-- \/ Yoast SEO plugin. -->","yoast_head_json":{"title":"GREP, quelques requ\u00eates - Le blog du graphiste - InDesign","description":"grep, InDesign, indesign GREP, Rechercher \/ remplacer, trucs & astuces","robots":{"index":"index","follow":"follow","max-snippet":"max-snippet:-1","max-image-preview":"max-image-preview:large","max-video-preview":"max-video-preview:-1"},"canonical":"https:\/\/www.expert-graphiste.be\/blog\/grep-quelques-requetes\/","og_locale":"fr_FR","og_type":"article","og_title":"GREP, quelques requ\u00eates - Le blog du graphiste - InDesign","og_description":"grep, InDesign, indesign GREP, Rechercher \/ remplacer, trucs & astuces","og_url":"https:\/\/www.expert-graphiste.be\/blog\/grep-quelques-requetes\/","og_site_name":"Le blog du graphiste","article_published_time":"2020-04-06T09:20:08+00:00","article_modified_time":"2025-02-08T14:39:30+00:00","og_image":[{"width":2560,"height":1920,"url":"https:\/\/www.expert-graphiste.be\/blog\/wp-content\/uploads\/2019\/12\/recherche-grep-scaled.jpg","type":"image\/jpeg"}],"author":"Olivier","twitter_card":"summary_large_image","twitter_misc":{"\u00c9crit par":"Olivier","Dur\u00e9e de lecture estim\u00e9e":"4 minutes"},"schema":{"@context":"https:\/\/schema.org","@graph":[{"@type":"Article","@id":"https:\/\/www.expert-graphiste.be\/blog\/grep-quelques-requetes\/#article","isPartOf":{"@id":"https:\/\/www.expert-graphiste.be\/blog\/grep-quelques-requetes\/"},"author":{"name":"Olivier","@id":"https:\/\/www.expert-graphiste.be\/blog\/#\/schema\/person\/944c6dee9a49722c7e750d3361d3990c"},"headline":"GREP, quelques requ\u00eates","datePublished":"2020-04-06T09:20:08+00:00","dateModified":"2025-02-08T14:39:30+00:00","mainEntityOfPage":{"@id":"https:\/\/www.expert-graphiste.be\/blog\/grep-quelques-requetes\/"},"wordCount":720,"publisher":{"@id":"https:\/\/www.expert-graphiste.be\/blog\/#\/schema\/person\/944c6dee9a49722c7e750d3361d3990c"},"image":{"@id":"https:\/\/www.expert-graphiste.be\/blog\/grep-quelques-requetes\/#primaryimage"},"thumbnailUrl":"https:\/\/www.expert-graphiste.be\/blog\/wp-content\/uploads\/2019\/12\/recherche-grep-scaled.jpg","keywords":["GREP","InDesign","Trucs &amp; astuces"],"articleSection":["GREP","Indesign","Trucs &amp; astuces"],"inLanguage":"fr-FR"},{"@type":"WebPage","@id":"https:\/\/www.expert-graphiste.be\/blog\/grep-quelques-requetes\/","url":"https:\/\/www.expert-graphiste.be\/blog\/grep-quelques-requetes\/","name":"GREP, quelques requ\u00eates - Le blog du graphiste - InDesign","isPartOf":{"@id":"https:\/\/www.expert-graphiste.be\/blog\/#website"},"primaryImageOfPage":{"@id":"https:\/\/www.expert-graphiste.be\/blog\/grep-quelques-requetes\/#primaryimage"},"image":{"@id":"https:\/\/www.expert-graphiste.be\/blog\/grep-quelques-requetes\/#primaryimage"},"thumbnailUrl":"https:\/\/www.expert-graphiste.be\/blog\/wp-content\/uploads\/2019\/12\/recherche-grep-scaled.jpg","datePublished":"2020-04-06T09:20:08+00:00","dateModified":"2025-02-08T14:39:30+00:00","description":"grep, InDesign, indesign GREP, Rechercher \/ remplacer, trucs & astuces","breadcrumb":{"@id":"https:\/\/www.expert-graphiste.be\/blog\/grep-quelques-requetes\/#breadcrumb"},"inLanguage":"fr-FR","potentialAction":[{"@type":"ReadAction","target":["https:\/\/www.expert-graphiste.be\/blog\/grep-quelques-requetes\/"]}]},{"@type":"ImageObject","inLanguage":"fr-FR","@id":"https:\/\/www.expert-graphiste.be\/blog\/grep-quelques-requetes\/#primaryimage","url":"https:\/\/www.expert-graphiste.be\/blog\/wp-content\/uploads\/2019\/12\/recherche-grep-scaled.jpg","contentUrl":"https:\/\/www.expert-graphiste.be\/blog\/wp-content\/uploads\/2019\/12\/recherche-grep-scaled.jpg","width":2560,"height":1920},{"@type":"BreadcrumbList","@id":"https:\/\/www.expert-graphiste.be\/blog\/grep-quelques-requetes\/#breadcrumb","itemListElement":[{"@type":"ListItem","position":1,"name":"Accueil","item":"https:\/\/www.expert-graphiste.be\/blog\/"},{"@type":"ListItem","position":2,"name":"GREP, quelques requ\u00eates"}]},{"@type":"WebSite","@id":"https:\/\/www.expert-graphiste.be\/blog\/#website","url":"https:\/\/www.expert-graphiste.be\/blog\/","name":"Le blog du graphiste\u00a0~ Olivier Berquin","description":"Des informations sur le monde du graphisme, d\u2019InDesign, de la typographie et d\u2019autres choses encore","publisher":{"@id":"https:\/\/www.expert-graphiste.be\/blog\/#\/schema\/person\/944c6dee9a49722c7e750d3361d3990c"},"potentialAction":[{"@type":"SearchAction","target":{"@type":"EntryPoint","urlTemplate":"https:\/\/www.expert-graphiste.be\/blog\/?s={search_term_string}"},"query-input":{"@type":"PropertyValueSpecification","valueRequired":true,"valueName":"search_term_string"}}],"inLanguage":"fr-FR"},{"@type":["Person","Organization"],"@id":"https:\/\/www.expert-graphiste.be\/blog\/#\/schema\/person\/944c6dee9a49722c7e750d3361d3990c","name":"Olivier","logo":{"@id":"https:\/\/www.expert-graphiste.be\/blog\/#\/schema\/person\/image\/"},"sameAs":["https:\/\/expert-graphiste.be"],"url":"https:\/\/www.expert-graphiste.be\/blog\/author\/olby\/"}]}},"_links":{"self":[{"href":"https:\/\/www.expert-graphiste.be\/blog\/wp-json\/wp\/v2\/posts\/1060","targetHints":{"allow":["GET"]}}],"collection":[{"href":"https:\/\/www.expert-graphiste.be\/blog\/wp-json\/wp\/v2\/posts"}],"about":[{"href":"https:\/\/www.expert-graphiste.be\/blog\/wp-json\/wp\/v2\/types\/post"}],"author":[{"embeddable":true,"href":"https:\/\/www.expert-graphiste.be\/blog\/wp-json\/wp\/v2\/users\/1"}],"replies":[{"embeddable":true,"href":"https:\/\/www.expert-graphiste.be\/blog\/wp-json\/wp\/v2\/comments?post=1060"}],"version-history":[{"count":61,"href":"https:\/\/www.expert-graphiste.be\/blog\/wp-json\/wp\/v2\/posts\/1060\/revisions"}],"predecessor-version":[{"id":1512,"href":"https:\/\/www.expert-graphiste.be\/blog\/wp-json\/wp\/v2\/posts\/1060\/revisions\/1512"}],"wp:featuredmedia":[{"embeddable":true,"href":"https:\/\/www.expert-graphiste.be\/blog\/wp-json\/wp\/v2\/media\/531"}],"wp:attachment":[{"href":"https:\/\/www.expert-graphiste.be\/blog\/wp-json\/wp\/v2\/media?parent=1060"}],"wp:term":[{"taxonomy":"category","embeddable":true,"href":"https:\/\/www.expert-graphiste.be\/blog\/wp-json\/wp\/v2\/categories?post=1060"},{"taxonomy":"post_tag","embeddable":true,"href":"https:\/\/www.expert-graphiste.be\/blog\/wp-json\/wp\/v2\/tags?post=1060"}],"curies":[{"name":"wp","href":"https:\/\/api.w.org\/{rel}","templated":true}]}}