{"id":2454,"date":"2025-10-23T09:56:52","date_gmt":"2025-10-23T07:56:52","guid":{"rendered":"https:\/\/www.expert-graphiste.be\/blog\/?p=2454"},"modified":"2025-10-23T09:56:54","modified_gmt":"2025-10-23T07:56:54","slug":"meilleures-pratiques-traitement-de-texte-redacteurs-graphistes","status":"publish","type":"post","link":"https:\/\/www.expert-graphiste.be\/blog\/meilleures-pratiques-traitement-de-texte-redacteurs-graphistes\/","title":{"rendered":"Meilleures pratiques avec un traitement de texte pour\u00a0les\u00a0r\u00e9dacteurs travaillant avec des graphistes"},"content":{"rendered":"\n<p>Lorsque vous pr\u00e9parez, dans un traitement de texte, un document qui sera utilis\u00e9 par des graphistes, les&nbsp;conseils suivants vous permettront de gagner du temps et de r\u00e9duire les probl\u00e8mes de formatage.<\/p>\n\n\n\n<!--more-->\n\n\n\n<p><strong>Le premier conseil\u00a0:<\/strong> discutez avec le graphiste des \u00e9l\u00e9ments techniques, du format final du document, des couleurs et des polices \u00e0 utiliser.<\/p>\n\n\n\n<h2 class=\"wp-block-heading\">Utilisez les styles de mani\u00e8re coh\u00e9rente<\/h2>\n\n\n\n<ul class=\"wp-block-list\">\n<li>Les <em>styles de paragraphe<\/em> sont souvent mal compris. Ils ne sont pas seulement une option d\u00e9corative, mais aussi un outil organisationnel. Utilisez les styles de titres int\u00e9gr\u00e9s (Titre\u00a01\/Heading\u00a01, Titre\u00a02\/Heading\u00a02,\u00a0etc.) pour cr\u00e9er une <em>hi\u00e9rarchie<\/em> dans le document. <em>Chaque texte doit \u00eatre styl\u00e9<\/em>.<\/li>\n\n\n\n<li>Dans tous les cas, <em>appliquez des styles de paragraphe<\/em> (et des styles de caract\u00e8res le cas \u00e9ch\u00e9ant) plut\u00f4t qu\u2019une mise en forme manuelle.<\/li>\n\n\n\n<li>Pour le corps de texte, appliquez le style \u00ab\u00a0Normal\u00a0\u00bb ou cr\u00e9ez un style \u00ab\u00a0Texte courant\u00a0\u00bb. Cela assure une uniformit\u00e9 visuelle.<\/li>\n\n\n\n<li>Cr\u00e9ez et utilisez des styles personnalis\u00e9s pour les \u00e9l\u00e9ments de texte r\u00e9currents (comme des citations, des encadr\u00e9s\u2026).<\/li>\n<\/ul>\n\n\n\n<h2 class=\"wp-block-heading\">Principes de base du formatage<\/h2>\n\n\n\n<ul class=\"wp-block-list\">\n<li>De fa\u00e7on g\u00e9n\u00e9rale, <em>aucun signe invisible ne doit \u00eatre double<\/em>\u00a0: ni les espaces, ni les tabulations, ni\u00a0les\u00a0retours paragraphe.<ul><li>\u00c9vitez l\u2019espacement manuel avec des <em>retours multiples<\/em> ou des <em>tabulations<\/em>.<\/li><\/ul>\n<ul class=\"wp-block-list\">\n<li>Utilisez des espaces simples apr\u00e8s les points, et non des espaces doubles.<\/li>\n<\/ul>\n<\/li>\n\n\n\n<li>N\u2019utilisez pas d\u2019espaces ou de tabulations <em>pour les retraits<\/em> ; utilisez plut\u00f4t la mise en forme des\u00a0paragraphes (toujours utiliser un style de paragraphe).<\/li>\n\n\n\n<li>Espacement avant\/apr\u00e8s : utilisez l\u2019espacement avant et apr\u00e8s les paragraphes pour s\u00e9parer les&nbsp;sections de texte plut\u00f4t que des sauts de ligne (retours) multiples.<\/li>\n\n\n\n<li>N\u2019ins\u00e9rez pas de blocs de texte, <em>tout le texte doit \u00eatre en ligne<\/em>.<\/li>\n\n\n\n<li>N\u2019utilisez pas de retours forc\u00e9s dans votre document\u2026 Le graphiste ne sait pas interpr\u00e9ter votre intention.<\/li>\n<\/ul>\n\n\n\n<h2 class=\"wp-block-heading\">Meilleures pratiques en mati\u00e8re de typographie<\/h2>\n\n\n\n<ul class=\"wp-block-list\">\n<li>S\u2019en tenir \u00e0 <em>une ou deux polices<\/em> li\u00e9es au syst\u00e8me d\u2019exploitation de votre ordinateur (Arial, Verdana, Times New Roman\u2026) ou \u00e0 Microsoft Word (Aptos, Calibri, Cambria\u2026) dans l\u2019ensemble du document<\/li>\n\n\n\n<li>N\u2019utilisez <em>pas de polices sp\u00e9cialis\u00e9es<\/em>, sauf si le graphiste en dispose.<\/li>\n\n\n\n<li>Ne composez pas en MAJUSCULES (capitales), utilisez les outils de formatage pour les composer\u2009; si possible, utilisez les styles de caract\u00e8res pour les enrichissements typographiques en gras et en italiques\u2009; n\u2019utilisez pas le soulignement pour mettre l\u2019accent.<\/li>\n<\/ul>\n\n\n\n<h2 class=\"wp-block-heading\">Organisation du document<\/h2>\n\n\n\n<ul class=\"wp-block-list\">\n<li>Utilisez des <em>sauts de page<\/em> plut\u00f4t que des retours multiples pour forcer la cr\u00e9ation de nouvelles pages.<\/li>\n\n\n\n<li>Supprimez tous <em>les changements de version<\/em> (acceptez les r\u00e9visions) et <em>les commentaires<\/em> avant la remise finale.<\/li>\n\n\n\n<li>Si vous voulez une <em>mise en page en colonnes<\/em>, parlez-en \u00e0 votre graphiste, mais ne faites pas vous-m\u00eame une mise en page en colonnes dans votre logiciel de traitement de texte.<\/li>\n<\/ul>\n\n\n\n<h2 class=\"wp-block-heading\">\u00c9l\u00e9ments sp\u00e9ciaux<\/h2>\n\n\n\n<ul class=\"wp-block-list\">\n<li>Utilisez <em>des puces<\/em> ou <em>des listes num\u00e9rot\u00e9es<\/em>, et non des tirets ou des num\u00e9ros manuels (toujours utiliser un style de paragraphe).<\/li>\n\n\n\n<li>Utilisez les <em>tableaux<\/em> pour les donn\u00e9es tabulaires et non pour la mise en page.<\/li>\n\n\n\n<li>Si des <em>caract\u00e8res sp\u00e9ciaux<\/em>, ou des <em>diacritiques de langues \u00e9trang\u00e8res<\/em> sont utilis\u00e9s, veillez \u00e0 pr\u00e9venir le graphiste qui doit, par exemple, conserver la police de caract\u00e8re qui les reprend, au risque de les perdre si la police qu\u2019il utilisera ne les contient pas. Il faut, dans ce cas, joindre un PDF garant qui permette la v\u00e9rification.<\/li>\n\n\n\n<li>Ne jamais utiliser les <em>traits d&rsquo;union ins\u00e9cables<\/em> de Word, qui ne seront pas reconnus dans InDesign, et qui vous donneront des \u00ab\u00a0cidessous\u00a0\u00bb etc. La recherche-remplacement avanc\u00e9e de Word permet de les remplacer par des traits d&rsquo;union normaux.<\/li>\n<\/ul>\n\n\n\n<h2 class=\"wp-block-heading\">Images et graphiques<\/h2>\n\n\n\n<ul class=\"wp-block-list\">\n<li>Insertion d\u2019images\u00a0: <em>ins\u00e9rez les images<\/em> directement dans le document plut\u00f4t que de les copier-coller. Utilisez l\u2019option \u00ab\u00a0Habiller le texte\u00a0\u00bb pour positionner les images de mani\u00e8re appropri\u00e9e. Les images sont donc en ligne dans le texte, non ins\u00e9r\u00e9es dans un bloc dans la page. Dans tous les cas joignez l\u2019image originale<a id=\"_ftnref1\" href=\"#_ftn1\">[1]<\/a> de fa\u00e7on s\u00e9par\u00e9e en v\u00e9rifiant sa r\u00e9solution avec des outils comme l\u2019Explorateur de Fichiers Windows (clic droit sur l\u2019image > Propri\u00e9t\u00e9 > D\u00e9tails) ou MacOSX (clic droit sur l\u2019image > lire les informations)\u2009; le nombre de pixels en largeur doit \u00eatre, divis\u00e9 par 100, sa largeur en centim\u00e8tres. Exemple\u00a0: une image de 10\u00a0cm doit avoir 1\u00a0000\u00a0pixels de large pour pouvoir \u00eatre correctement imprim\u00e9e.<\/li>\n\n\n\n<li>L\u00e9gendes\u00a0: <em>ajoutez des l\u00e9gendes<\/em> et <em>des r\u00e9f\u00e9rences<\/em> pour chaque image et graphique. Ins\u00e9rez la l\u00e9gende directement sous l\u2019image (et non dans un bloc de texte s\u00e9par\u00e9).<\/li>\n\n\n\n<li>Question du copyright dans la l\u00e9gende de l\u2019image&nbsp;: pr\u00e9cisez avant la mise en pages s\u2019il faut le sp\u00e9cifier, et comment il faut proc\u00e9der.<\/li>\n\n\n\n<li>Fournissez un document \u00e0 part avec <em>toutes les images import\u00e9es<\/em>, leur nom et le copyright \u00e9ventuel (sous forme de tableau par exemple).<\/li>\n<\/ul>\n\n\n\n<h2 class=\"wp-block-heading\">V\u00e9rification finale<\/h2>\n\n\n\n<ul class=\"wp-block-list\">\n<li>Effectuez les corrections d\u2019orthographe et de grammaire avant l\u2019envoi de votre document.<\/li>\n<\/ul>\n\n\n\n<h2 class=\"wp-block-heading\">Conclusion<\/h2>\n\n\n\n<p>En suivant ces recommandations, les r\u00e9dacteurs peuvent fournir des documents plus propres et mieux structur\u00e9s, ce qui facilitera grandement le travail des graphistes.<\/p>\n\n\n\n<p>Ce document a \u00e9t\u00e9 cr\u00e9\u00e9 en collaboration avec <a href=\"https:\/\/www.linkedin.com\/in\/serge-paulus\/\" target=\"_blank\">Serge Paulus<\/a>, que je remercie au passage.<\/p>\n\n\n\n<hr class=\"wp-block-separator has-alpha-channel-opacity\"\/>\n\n\n\n<p><a href=\"#_ftnref1\" id=\"_ftn1\">[1]<\/a> Les traitements de texte compressent fortement les images ins\u00e9r\u00e9es ; elles ne peuvent pas \u00eatre utilis\u00e9es telles quelles dans le mise en page.<\/p>\n\n\n\n<hr class=\"wp-block-separator has-alpha-channel-opacity\"\/>\n\n\n\n<p><strong>Photo credit:<\/strong> <a href=\"https:\/\/visualhunt.co\/a7\/f56744ee\">Iso Brown FR<\/a> on <a href=\"https:\/\/visualhunt.com\/re10\/bf3abf00\">Visualhunt.com<\/a><\/p>\n\n\n\n<p><\/p>\n","protected":false},"excerpt":{"rendered":"<p>Lorsque vous pr\u00e9parez, dans un traitement de texte, un document qui sera utilis\u00e9 par des graphistes, les&nbsp;conseils suivants vous permettront de gagner du temps et de r\u00e9duire les probl\u00e8mes de formatage.<\/p>\n","protected":false},"author":1,"featured_media":2496,"comment_status":"open","ping_status":"open","sticky":false,"template":"","format":"standard","meta":{"footnotes":""},"categories":[14,11],"tags":[],"class_list":["post-2454","post","type-post","status-publish","format-standard","has-post-thumbnail","hentry","category-texte","category-trucs-astuces"],"yoast_head":"<!-- This site is optimized with the Yoast SEO plugin v27.4 - https:\/\/yoast.com\/product\/yoast-seo-wordpress\/ -->\n<title>Meilleures pratiques avec un traitement de texte pour\u00a0les\u00a0r\u00e9dacteurs travaillant avec des graphistes - Le blog du graphiste<\/title>\n<meta name=\"description\" content=\"Meilleures pratiques, r\u00e9daction, texte, mise en page, graphiste\" \/>\n<meta name=\"robots\" content=\"index, follow, max-snippet:-1, max-image-preview:large, max-video-preview:-1\" \/>\n<link rel=\"canonical\" href=\"https:\/\/www.expert-graphiste.be\/blog\/meilleures-pratiques-traitement-de-texte-redacteurs-graphistes\/\" \/>\n<meta property=\"og:locale\" content=\"fr_FR\" \/>\n<meta property=\"og:type\" content=\"article\" \/>\n<meta property=\"og:title\" content=\"Meilleures pratiques avec un traitement de texte pour\u00a0les\u00a0r\u00e9dacteurs travaillant avec des graphistes - Le blog du graphiste\" \/>\n<meta property=\"og:description\" content=\"Meilleures pratiques, r\u00e9daction, texte, mise en page, graphiste\" \/>\n<meta property=\"og:url\" content=\"https:\/\/www.expert-graphiste.be\/blog\/meilleures-pratiques-traitement-de-texte-redacteurs-graphistes\/\" \/>\n<meta property=\"og:site_name\" content=\"Le blog du graphiste\" \/>\n<meta property=\"article:published_time\" content=\"2025-10-23T07:56:52+00:00\" \/>\n<meta property=\"article:modified_time\" content=\"2025-10-23T07:56:54+00:00\" \/>\n<meta property=\"og:image\" content=\"https:\/\/www.expert-graphiste.be\/blog\/wp-content\/uploads\/2025\/10\/machine-a-ecrire.jpg\" \/>\n\t<meta property=\"og:image:width\" content=\"2047\" \/>\n\t<meta property=\"og:image:height\" content=\"913\" \/>\n\t<meta property=\"og:image:type\" content=\"image\/jpeg\" \/>\n<meta name=\"author\" content=\"Olivier\" \/>\n<meta name=\"twitter:card\" content=\"summary_large_image\" \/>\n<meta name=\"twitter:label1\" content=\"\u00c9crit par\" \/>\n\t<meta name=\"twitter:data1\" content=\"Olivier\" \/>\n\t<meta name=\"twitter:label2\" content=\"Dur\u00e9e de lecture estim\u00e9e\" \/>\n\t<meta name=\"twitter:data2\" content=\"5 minutes\" \/>\n<script type=\"application\/ld+json\" class=\"yoast-schema-graph\">{\"@context\":\"https:\\\/\\\/schema.org\",\"@graph\":[{\"@type\":\"Article\",\"@id\":\"https:\\\/\\\/www.expert-graphiste.be\\\/blog\\\/meilleures-pratiques-traitement-de-texte-redacteurs-graphistes\\\/#article\",\"isPartOf\":{\"@id\":\"https:\\\/\\\/www.expert-graphiste.be\\\/blog\\\/meilleures-pratiques-traitement-de-texte-redacteurs-graphistes\\\/\"},\"author\":{\"name\":\"Olivier\",\"@id\":\"https:\\\/\\\/www.expert-graphiste.be\\\/blog\\\/#\\\/schema\\\/person\\\/944c6dee9a49722c7e750d3361d3990c\"},\"headline\":\"Meilleures pratiques avec un traitement de texte pour\u00a0les\u00a0r\u00e9dacteurs travaillant avec des graphistes\",\"datePublished\":\"2025-10-23T07:56:52+00:00\",\"dateModified\":\"2025-10-23T07:56:54+00:00\",\"mainEntityOfPage\":{\"@id\":\"https:\\\/\\\/www.expert-graphiste.be\\\/blog\\\/meilleures-pratiques-traitement-de-texte-redacteurs-graphistes\\\/\"},\"wordCount\":961,\"commentCount\":0,\"publisher\":{\"@id\":\"https:\\\/\\\/www.expert-graphiste.be\\\/blog\\\/#\\\/schema\\\/person\\\/944c6dee9a49722c7e750d3361d3990c\"},\"image\":{\"@id\":\"https:\\\/\\\/www.expert-graphiste.be\\\/blog\\\/meilleures-pratiques-traitement-de-texte-redacteurs-graphistes\\\/#primaryimage\"},\"thumbnailUrl\":\"https:\\\/\\\/www.expert-graphiste.be\\\/blog\\\/wp-content\\\/uploads\\\/2025\\\/10\\\/machine-a-ecrire.jpg\",\"articleSection\":[\"Texte\",\"Trucs &amp; astuces\"],\"inLanguage\":\"fr-FR\",\"potentialAction\":[{\"@type\":\"CommentAction\",\"name\":\"Comment\",\"target\":[\"https:\\\/\\\/www.expert-graphiste.be\\\/blog\\\/meilleures-pratiques-traitement-de-texte-redacteurs-graphistes\\\/#respond\"]}]},{\"@type\":\"WebPage\",\"@id\":\"https:\\\/\\\/www.expert-graphiste.be\\\/blog\\\/meilleures-pratiques-traitement-de-texte-redacteurs-graphistes\\\/\",\"url\":\"https:\\\/\\\/www.expert-graphiste.be\\\/blog\\\/meilleures-pratiques-traitement-de-texte-redacteurs-graphistes\\\/\",\"name\":\"Meilleures pratiques avec un traitement de texte pour\u00a0les\u00a0r\u00e9dacteurs travaillant avec des graphistes - Le blog du graphiste\",\"isPartOf\":{\"@id\":\"https:\\\/\\\/www.expert-graphiste.be\\\/blog\\\/#website\"},\"primaryImageOfPage\":{\"@id\":\"https:\\\/\\\/www.expert-graphiste.be\\\/blog\\\/meilleures-pratiques-traitement-de-texte-redacteurs-graphistes\\\/#primaryimage\"},\"image\":{\"@id\":\"https:\\\/\\\/www.expert-graphiste.be\\\/blog\\\/meilleures-pratiques-traitement-de-texte-redacteurs-graphistes\\\/#primaryimage\"},\"thumbnailUrl\":\"https:\\\/\\\/www.expert-graphiste.be\\\/blog\\\/wp-content\\\/uploads\\\/2025\\\/10\\\/machine-a-ecrire.jpg\",\"datePublished\":\"2025-10-23T07:56:52+00:00\",\"dateModified\":\"2025-10-23T07:56:54+00:00\",\"description\":\"Meilleures pratiques, r\u00e9daction, texte, mise en page, graphiste\",\"breadcrumb\":{\"@id\":\"https:\\\/\\\/www.expert-graphiste.be\\\/blog\\\/meilleures-pratiques-traitement-de-texte-redacteurs-graphistes\\\/#breadcrumb\"},\"inLanguage\":\"fr-FR\",\"potentialAction\":[{\"@type\":\"ReadAction\",\"target\":[\"https:\\\/\\\/www.expert-graphiste.be\\\/blog\\\/meilleures-pratiques-traitement-de-texte-redacteurs-graphistes\\\/\"]}]},{\"@type\":\"ImageObject\",\"inLanguage\":\"fr-FR\",\"@id\":\"https:\\\/\\\/www.expert-graphiste.be\\\/blog\\\/meilleures-pratiques-traitement-de-texte-redacteurs-graphistes\\\/#primaryimage\",\"url\":\"https:\\\/\\\/www.expert-graphiste.be\\\/blog\\\/wp-content\\\/uploads\\\/2025\\\/10\\\/machine-a-ecrire.jpg\",\"contentUrl\":\"https:\\\/\\\/www.expert-graphiste.be\\\/blog\\\/wp-content\\\/uploads\\\/2025\\\/10\\\/machine-a-ecrire.jpg\",\"width\":2047,\"height\":913},{\"@type\":\"BreadcrumbList\",\"@id\":\"https:\\\/\\\/www.expert-graphiste.be\\\/blog\\\/meilleures-pratiques-traitement-de-texte-redacteurs-graphistes\\\/#breadcrumb\",\"itemListElement\":[{\"@type\":\"ListItem\",\"position\":1,\"name\":\"Accueil\",\"item\":\"https:\\\/\\\/www.expert-graphiste.be\\\/blog\\\/\"},{\"@type\":\"ListItem\",\"position\":2,\"name\":\"Meilleures pratiques avec un traitement de texte pour\u00a0les\u00a0r\u00e9dacteurs travaillant avec des graphistes\"}]},{\"@type\":\"WebSite\",\"@id\":\"https:\\\/\\\/www.expert-graphiste.be\\\/blog\\\/#website\",\"url\":\"https:\\\/\\\/www.expert-graphiste.be\\\/blog\\\/\",\"name\":\"Le blog du graphiste\u00a0~ Olivier Berquin\",\"description\":\"Des informations sur le monde du graphisme, d\u2019InDesign, de la typographie et d\u2019autres choses encore\",\"publisher\":{\"@id\":\"https:\\\/\\\/www.expert-graphiste.be\\\/blog\\\/#\\\/schema\\\/person\\\/944c6dee9a49722c7e750d3361d3990c\"},\"potentialAction\":[{\"@type\":\"SearchAction\",\"target\":{\"@type\":\"EntryPoint\",\"urlTemplate\":\"https:\\\/\\\/www.expert-graphiste.be\\\/blog\\\/?s={search_term_string}\"},\"query-input\":{\"@type\":\"PropertyValueSpecification\",\"valueRequired\":true,\"valueName\":\"search_term_string\"}}],\"inLanguage\":\"fr-FR\"},{\"@type\":[\"Person\",\"Organization\"],\"@id\":\"https:\\\/\\\/www.expert-graphiste.be\\\/blog\\\/#\\\/schema\\\/person\\\/944c6dee9a49722c7e750d3361d3990c\",\"name\":\"Olivier\",\"logo\":{\"@id\":\"https:\\\/\\\/www.expert-graphiste.be\\\/blog\\\/#\\\/schema\\\/person\\\/image\\\/\"},\"sameAs\":[\"https:\\\/\\\/expert-graphiste.be\"],\"url\":\"https:\\\/\\\/www.expert-graphiste.be\\\/blog\\\/author\\\/olby\\\/\"}]}<\/script>\n<!-- \/ Yoast SEO plugin. -->","yoast_head_json":{"title":"Meilleures pratiques avec un traitement de texte pour\u00a0les\u00a0r\u00e9dacteurs travaillant avec des graphistes - Le blog du graphiste","description":"Meilleures pratiques, r\u00e9daction, texte, mise en page, graphiste","robots":{"index":"index","follow":"follow","max-snippet":"max-snippet:-1","max-image-preview":"max-image-preview:large","max-video-preview":"max-video-preview:-1"},"canonical":"https:\/\/www.expert-graphiste.be\/blog\/meilleures-pratiques-traitement-de-texte-redacteurs-graphistes\/","og_locale":"fr_FR","og_type":"article","og_title":"Meilleures pratiques avec un traitement de texte pour\u00a0les\u00a0r\u00e9dacteurs travaillant avec des graphistes - Le blog du graphiste","og_description":"Meilleures pratiques, r\u00e9daction, texte, mise en page, graphiste","og_url":"https:\/\/www.expert-graphiste.be\/blog\/meilleures-pratiques-traitement-de-texte-redacteurs-graphistes\/","og_site_name":"Le blog du graphiste","article_published_time":"2025-10-23T07:56:52+00:00","article_modified_time":"2025-10-23T07:56:54+00:00","og_image":[{"width":2047,"height":913,"url":"https:\/\/www.expert-graphiste.be\/blog\/wp-content\/uploads\/2025\/10\/machine-a-ecrire.jpg","type":"image\/jpeg"}],"author":"Olivier","twitter_card":"summary_large_image","twitter_misc":{"\u00c9crit par":"Olivier","Dur\u00e9e de lecture estim\u00e9e":"5 minutes"},"schema":{"@context":"https:\/\/schema.org","@graph":[{"@type":"Article","@id":"https:\/\/www.expert-graphiste.be\/blog\/meilleures-pratiques-traitement-de-texte-redacteurs-graphistes\/#article","isPartOf":{"@id":"https:\/\/www.expert-graphiste.be\/blog\/meilleures-pratiques-traitement-de-texte-redacteurs-graphistes\/"},"author":{"name":"Olivier","@id":"https:\/\/www.expert-graphiste.be\/blog\/#\/schema\/person\/944c6dee9a49722c7e750d3361d3990c"},"headline":"Meilleures pratiques avec un traitement de texte pour\u00a0les\u00a0r\u00e9dacteurs travaillant avec des graphistes","datePublished":"2025-10-23T07:56:52+00:00","dateModified":"2025-10-23T07:56:54+00:00","mainEntityOfPage":{"@id":"https:\/\/www.expert-graphiste.be\/blog\/meilleures-pratiques-traitement-de-texte-redacteurs-graphistes\/"},"wordCount":961,"commentCount":0,"publisher":{"@id":"https:\/\/www.expert-graphiste.be\/blog\/#\/schema\/person\/944c6dee9a49722c7e750d3361d3990c"},"image":{"@id":"https:\/\/www.expert-graphiste.be\/blog\/meilleures-pratiques-traitement-de-texte-redacteurs-graphistes\/#primaryimage"},"thumbnailUrl":"https:\/\/www.expert-graphiste.be\/blog\/wp-content\/uploads\/2025\/10\/machine-a-ecrire.jpg","articleSection":["Texte","Trucs &amp; astuces"],"inLanguage":"fr-FR","potentialAction":[{"@type":"CommentAction","name":"Comment","target":["https:\/\/www.expert-graphiste.be\/blog\/meilleures-pratiques-traitement-de-texte-redacteurs-graphistes\/#respond"]}]},{"@type":"WebPage","@id":"https:\/\/www.expert-graphiste.be\/blog\/meilleures-pratiques-traitement-de-texte-redacteurs-graphistes\/","url":"https:\/\/www.expert-graphiste.be\/blog\/meilleures-pratiques-traitement-de-texte-redacteurs-graphistes\/","name":"Meilleures pratiques avec un traitement de texte pour\u00a0les\u00a0r\u00e9dacteurs travaillant avec des graphistes - Le blog du graphiste","isPartOf":{"@id":"https:\/\/www.expert-graphiste.be\/blog\/#website"},"primaryImageOfPage":{"@id":"https:\/\/www.expert-graphiste.be\/blog\/meilleures-pratiques-traitement-de-texte-redacteurs-graphistes\/#primaryimage"},"image":{"@id":"https:\/\/www.expert-graphiste.be\/blog\/meilleures-pratiques-traitement-de-texte-redacteurs-graphistes\/#primaryimage"},"thumbnailUrl":"https:\/\/www.expert-graphiste.be\/blog\/wp-content\/uploads\/2025\/10\/machine-a-ecrire.jpg","datePublished":"2025-10-23T07:56:52+00:00","dateModified":"2025-10-23T07:56:54+00:00","description":"Meilleures pratiques, r\u00e9daction, texte, mise en page, graphiste","breadcrumb":{"@id":"https:\/\/www.expert-graphiste.be\/blog\/meilleures-pratiques-traitement-de-texte-redacteurs-graphistes\/#breadcrumb"},"inLanguage":"fr-FR","potentialAction":[{"@type":"ReadAction","target":["https:\/\/www.expert-graphiste.be\/blog\/meilleures-pratiques-traitement-de-texte-redacteurs-graphistes\/"]}]},{"@type":"ImageObject","inLanguage":"fr-FR","@id":"https:\/\/www.expert-graphiste.be\/blog\/meilleures-pratiques-traitement-de-texte-redacteurs-graphistes\/#primaryimage","url":"https:\/\/www.expert-graphiste.be\/blog\/wp-content\/uploads\/2025\/10\/machine-a-ecrire.jpg","contentUrl":"https:\/\/www.expert-graphiste.be\/blog\/wp-content\/uploads\/2025\/10\/machine-a-ecrire.jpg","width":2047,"height":913},{"@type":"BreadcrumbList","@id":"https:\/\/www.expert-graphiste.be\/blog\/meilleures-pratiques-traitement-de-texte-redacteurs-graphistes\/#breadcrumb","itemListElement":[{"@type":"ListItem","position":1,"name":"Accueil","item":"https:\/\/www.expert-graphiste.be\/blog\/"},{"@type":"ListItem","position":2,"name":"Meilleures pratiques avec un traitement de texte pour\u00a0les\u00a0r\u00e9dacteurs travaillant avec des graphistes"}]},{"@type":"WebSite","@id":"https:\/\/www.expert-graphiste.be\/blog\/#website","url":"https:\/\/www.expert-graphiste.be\/blog\/","name":"Le blog du graphiste\u00a0~ Olivier Berquin","description":"Des informations sur le monde du graphisme, d\u2019InDesign, de la typographie et d\u2019autres choses encore","publisher":{"@id":"https:\/\/www.expert-graphiste.be\/blog\/#\/schema\/person\/944c6dee9a49722c7e750d3361d3990c"},"potentialAction":[{"@type":"SearchAction","target":{"@type":"EntryPoint","urlTemplate":"https:\/\/www.expert-graphiste.be\/blog\/?s={search_term_string}"},"query-input":{"@type":"PropertyValueSpecification","valueRequired":true,"valueName":"search_term_string"}}],"inLanguage":"fr-FR"},{"@type":["Person","Organization"],"@id":"https:\/\/www.expert-graphiste.be\/blog\/#\/schema\/person\/944c6dee9a49722c7e750d3361d3990c","name":"Olivier","logo":{"@id":"https:\/\/www.expert-graphiste.be\/blog\/#\/schema\/person\/image\/"},"sameAs":["https:\/\/expert-graphiste.be"],"url":"https:\/\/www.expert-graphiste.be\/blog\/author\/olby\/"}]}},"_links":{"self":[{"href":"https:\/\/www.expert-graphiste.be\/blog\/wp-json\/wp\/v2\/posts\/2454","targetHints":{"allow":["GET"]}}],"collection":[{"href":"https:\/\/www.expert-graphiste.be\/blog\/wp-json\/wp\/v2\/posts"}],"about":[{"href":"https:\/\/www.expert-graphiste.be\/blog\/wp-json\/wp\/v2\/types\/post"}],"author":[{"embeddable":true,"href":"https:\/\/www.expert-graphiste.be\/blog\/wp-json\/wp\/v2\/users\/1"}],"replies":[{"embeddable":true,"href":"https:\/\/www.expert-graphiste.be\/blog\/wp-json\/wp\/v2\/comments?post=2454"}],"version-history":[{"count":8,"href":"https:\/\/www.expert-graphiste.be\/blog\/wp-json\/wp\/v2\/posts\/2454\/revisions"}],"predecessor-version":[{"id":2498,"href":"https:\/\/www.expert-graphiste.be\/blog\/wp-json\/wp\/v2\/posts\/2454\/revisions\/2498"}],"wp:featuredmedia":[{"embeddable":true,"href":"https:\/\/www.expert-graphiste.be\/blog\/wp-json\/wp\/v2\/media\/2496"}],"wp:attachment":[{"href":"https:\/\/www.expert-graphiste.be\/blog\/wp-json\/wp\/v2\/media?parent=2454"}],"wp:term":[{"taxonomy":"category","embeddable":true,"href":"https:\/\/www.expert-graphiste.be\/blog\/wp-json\/wp\/v2\/categories?post=2454"},{"taxonomy":"post_tag","embeddable":true,"href":"https:\/\/www.expert-graphiste.be\/blog\/wp-json\/wp\/v2\/tags?post=2454"}],"curies":[{"name":"wp","href":"https:\/\/api.w.org\/{rel}","templated":true}]}}