{"id":805,"date":"2020-03-16T15:32:00","date_gmt":"2020-03-16T14:32:00","guid":{"rendered":"https:\/\/www.expert-graphiste.be\/blog\/?p=805"},"modified":"2025-02-08T15:39:48","modified_gmt":"2025-02-08T14:39:48","slug":"repartition-de-plusieurs-objets","status":"publish","type":"post","link":"https:\/\/www.expert-graphiste.be\/blog\/repartition-de-plusieurs-objets\/","title":{"rendered":"R\u00e9partition de plusieurs objets"},"content":{"rendered":"\n<p>Lorsque vous d\u00e9placez une poign\u00e9e lat\u00e9rale de plusieurs objets s\u00e9lectionn\u00e9s, vous les redimensionnez (en largeur et\/ou en hauteur).<\/p>\n\n\n\n<p>Il est possible d&rsquo;augmenter ou de r\u00e9duire proportionnellement <strong>l\u2019espace<\/strong> qui s\u00e9pare ces objets au lieu de redimensionner les objets eux-m\u00eames. <\/p>\n\n\n\n<!--more-->\n\n\n\n<p>S\u00e9lectionnez plusieurs objets (non group\u00e9s) qui sont align\u00e9s, puis cliquez sans rel\u00e2cher sur l&rsquo;une des poign\u00e9es lat\u00e9rales. Ensuite, appuyez sur la barre d&rsquo;espace et faites glisser la poign\u00e9e lat\u00e9rale pour augmenter ou r\u00e9duire l&rsquo;espace entre les objets (verticalement ou horizontalement). Cela fonctionne \u00e9galement en diagonale.<\/p>\n\n\n\n<p>Faites une pause d\u2019une seconde apr\u00e8s le clic sur la poign\u00e9e lat\u00e9rale, les objets se d\u00e9placent en \u201clive\u201d, comme dans la vid\u00e9o ci-dessous.<\/p>\n\n\n\n<figure class=\"wp-block-video\"><video height=\"866\" style=\"aspect-ratio: 1294 \/ 866;\" width=\"1294\" controls src=\"https:\/\/www.expert-graphiste.be\/blog\/wp-content\/uploads\/2020\/02\/Distribution.mov\"><\/video><figcaption><em>\u00c0 la 4<sup>e<\/sup> seconde de la vid\u00e9o suivante, j\u2019appuie sur la barre d\u2019espace.<\/em><\/figcaption><\/figure>\n\n\n\n<p>Plus d\u2019informations sur le <a href=\"https:\/\/helpx.adobe.com\/fr\/indesign\/using\/aligning-distributing-objects.html#distribute_objects_using_live_distribute\">site d\u2019Adobe<\/a>.<\/p>\n","protected":false},"excerpt":{"rendered":"<p>Lorsque vous d\u00e9placez une poign\u00e9e lat\u00e9rale de plusieurs objets s\u00e9lectionn\u00e9s, vous les redimensionnez (en largeur et\/ou en hauteur). Il est possible d&rsquo;augmenter ou de r\u00e9duire proportionnellement l\u2019espace qui s\u00e9pare ces objets au lieu de redimensionner les objets eux-m\u00eames.<\/p>\n","protected":false},"author":1,"featured_media":1169,"comment_status":"closed","ping_status":"closed","sticky":false,"template":"","format":"standard","meta":{"footnotes":""},"categories":[7,11],"tags":[42,28,43,31],"class_list":["post-805","post","type-post","status-publish","format-standard","has-post-thumbnail","hentry","category-indesign","category-trucs-astuces","tag-bloc","tag-indesign","tag-repartition","tag-trucs-astuces"],"yoast_head":"<!-- This site is optimized with the Yoast SEO plugin v27.4 - https:\/\/yoast.com\/product\/yoast-seo-wordpress\/ -->\n<title>R\u00e9partition de plusieurs objets - Le blog du graphiste InDesign - Trucs &amp; astuces<\/title>\n<meta name=\"robots\" content=\"index, follow, max-snippet:-1, max-image-preview:large, max-video-preview:-1\" \/>\n<link rel=\"canonical\" href=\"https:\/\/www.expert-graphiste.be\/blog\/repartition-de-plusieurs-objets\/\" \/>\n<meta property=\"og:locale\" content=\"fr_FR\" \/>\n<meta property=\"og:type\" content=\"article\" \/>\n<meta property=\"og:title\" content=\"R\u00e9partition de plusieurs objets - Le blog du graphiste InDesign - Trucs &amp; astuces\" \/>\n<meta property=\"og:description\" content=\"Lorsque vous d\u00e9placez une poign\u00e9e lat\u00e9rale de plusieurs objets s\u00e9lectionn\u00e9s, vous les redimensionnez (en largeur et\/ou en hauteur). Il est possible d&rsquo;augmenter ou de r\u00e9duire proportionnellement l\u2019espace qui s\u00e9pare ces objets au lieu de redimensionner les objets eux-m\u00eames.\" \/>\n<meta property=\"og:url\" content=\"https:\/\/www.expert-graphiste.be\/blog\/repartition-de-plusieurs-objets\/\" \/>\n<meta property=\"og:site_name\" content=\"Le blog du graphiste\" \/>\n<meta property=\"article:published_time\" content=\"2020-03-16T14:32:00+00:00\" \/>\n<meta property=\"article:modified_time\" content=\"2025-02-08T14:39:48+00:00\" \/>\n<meta property=\"og:image\" content=\"https:\/\/www.expert-graphiste.be\/blog\/wp-content\/uploads\/2020\/03\/Distribution.jpg\" \/>\n\t<meta property=\"og:image:width\" content=\"1294\" \/>\n\t<meta property=\"og:image:height\" content=\"866\" \/>\n\t<meta property=\"og:image:type\" content=\"image\/jpeg\" \/>\n<meta name=\"author\" content=\"Olivier\" \/>\n<meta name=\"twitter:card\" content=\"summary_large_image\" \/>\n<meta name=\"twitter:label1\" content=\"\u00c9crit par\" \/>\n\t<meta name=\"twitter:data1\" content=\"Olivier\" \/>\n\t<meta name=\"twitter:label2\" content=\"Dur\u00e9e de lecture estim\u00e9e\" \/>\n\t<meta name=\"twitter:data2\" content=\"1 minute\" \/>\n<script type=\"application\/ld+json\" class=\"yoast-schema-graph\">{\"@context\":\"https:\\\/\\\/schema.org\",\"@graph\":[{\"@type\":\"Article\",\"@id\":\"https:\\\/\\\/www.expert-graphiste.be\\\/blog\\\/repartition-de-plusieurs-objets\\\/#article\",\"isPartOf\":{\"@id\":\"https:\\\/\\\/www.expert-graphiste.be\\\/blog\\\/repartition-de-plusieurs-objets\\\/\"},\"author\":{\"name\":\"Olivier\",\"@id\":\"https:\\\/\\\/www.expert-graphiste.be\\\/blog\\\/#\\\/schema\\\/person\\\/944c6dee9a49722c7e750d3361d3990c\"},\"headline\":\"R\u00e9partition de plusieurs objets\",\"datePublished\":\"2020-03-16T14:32:00+00:00\",\"dateModified\":\"2025-02-08T14:39:48+00:00\",\"mainEntityOfPage\":{\"@id\":\"https:\\\/\\\/www.expert-graphiste.be\\\/blog\\\/repartition-de-plusieurs-objets\\\/\"},\"wordCount\":159,\"publisher\":{\"@id\":\"https:\\\/\\\/www.expert-graphiste.be\\\/blog\\\/#\\\/schema\\\/person\\\/944c6dee9a49722c7e750d3361d3990c\"},\"image\":{\"@id\":\"https:\\\/\\\/www.expert-graphiste.be\\\/blog\\\/repartition-de-plusieurs-objets\\\/#primaryimage\"},\"thumbnailUrl\":\"https:\\\/\\\/www.expert-graphiste.be\\\/blog\\\/wp-content\\\/uploads\\\/2020\\\/03\\\/Distribution.jpg\",\"keywords\":[\"Bloc\",\"InDesign\",\"R\u00e9partition\",\"Trucs &amp; astuces\"],\"articleSection\":[\"Indesign\",\"Trucs &amp; astuces\"],\"inLanguage\":\"fr-FR\"},{\"@type\":\"WebPage\",\"@id\":\"https:\\\/\\\/www.expert-graphiste.be\\\/blog\\\/repartition-de-plusieurs-objets\\\/\",\"url\":\"https:\\\/\\\/www.expert-graphiste.be\\\/blog\\\/repartition-de-plusieurs-objets\\\/\",\"name\":\"R\u00e9partition de plusieurs objets - Le blog du graphiste InDesign - Trucs & astuces\",\"isPartOf\":{\"@id\":\"https:\\\/\\\/www.expert-graphiste.be\\\/blog\\\/#website\"},\"primaryImageOfPage\":{\"@id\":\"https:\\\/\\\/www.expert-graphiste.be\\\/blog\\\/repartition-de-plusieurs-objets\\\/#primaryimage\"},\"image\":{\"@id\":\"https:\\\/\\\/www.expert-graphiste.be\\\/blog\\\/repartition-de-plusieurs-objets\\\/#primaryimage\"},\"thumbnailUrl\":\"https:\\\/\\\/www.expert-graphiste.be\\\/blog\\\/wp-content\\\/uploads\\\/2020\\\/03\\\/Distribution.jpg\",\"datePublished\":\"2020-03-16T14:32:00+00:00\",\"dateModified\":\"2025-02-08T14:39:48+00:00\",\"breadcrumb\":{\"@id\":\"https:\\\/\\\/www.expert-graphiste.be\\\/blog\\\/repartition-de-plusieurs-objets\\\/#breadcrumb\"},\"inLanguage\":\"fr-FR\",\"potentialAction\":[{\"@type\":\"ReadAction\",\"target\":[\"https:\\\/\\\/www.expert-graphiste.be\\\/blog\\\/repartition-de-plusieurs-objets\\\/\"]}]},{\"@type\":\"ImageObject\",\"inLanguage\":\"fr-FR\",\"@id\":\"https:\\\/\\\/www.expert-graphiste.be\\\/blog\\\/repartition-de-plusieurs-objets\\\/#primaryimage\",\"url\":\"https:\\\/\\\/www.expert-graphiste.be\\\/blog\\\/wp-content\\\/uploads\\\/2020\\\/03\\\/Distribution.jpg\",\"contentUrl\":\"https:\\\/\\\/www.expert-graphiste.be\\\/blog\\\/wp-content\\\/uploads\\\/2020\\\/03\\\/Distribution.jpg\",\"width\":1294,\"height\":866},{\"@type\":\"BreadcrumbList\",\"@id\":\"https:\\\/\\\/www.expert-graphiste.be\\\/blog\\\/repartition-de-plusieurs-objets\\\/#breadcrumb\",\"itemListElement\":[{\"@type\":\"ListItem\",\"position\":1,\"name\":\"Accueil\",\"item\":\"https:\\\/\\\/www.expert-graphiste.be\\\/blog\\\/\"},{\"@type\":\"ListItem\",\"position\":2,\"name\":\"R\u00e9partition de plusieurs objets\"}]},{\"@type\":\"WebSite\",\"@id\":\"https:\\\/\\\/www.expert-graphiste.be\\\/blog\\\/#website\",\"url\":\"https:\\\/\\\/www.expert-graphiste.be\\\/blog\\\/\",\"name\":\"Le blog du graphiste\u00a0~ Olivier Berquin\",\"description\":\"Des informations sur le monde du graphisme, d\u2019InDesign, de la typographie et d\u2019autres choses encore\",\"publisher\":{\"@id\":\"https:\\\/\\\/www.expert-graphiste.be\\\/blog\\\/#\\\/schema\\\/person\\\/944c6dee9a49722c7e750d3361d3990c\"},\"potentialAction\":[{\"@type\":\"SearchAction\",\"target\":{\"@type\":\"EntryPoint\",\"urlTemplate\":\"https:\\\/\\\/www.expert-graphiste.be\\\/blog\\\/?s={search_term_string}\"},\"query-input\":{\"@type\":\"PropertyValueSpecification\",\"valueRequired\":true,\"valueName\":\"search_term_string\"}}],\"inLanguage\":\"fr-FR\"},{\"@type\":[\"Person\",\"Organization\"],\"@id\":\"https:\\\/\\\/www.expert-graphiste.be\\\/blog\\\/#\\\/schema\\\/person\\\/944c6dee9a49722c7e750d3361d3990c\",\"name\":\"Olivier\",\"logo\":{\"@id\":\"https:\\\/\\\/www.expert-graphiste.be\\\/blog\\\/#\\\/schema\\\/person\\\/image\\\/\"},\"sameAs\":[\"https:\\\/\\\/expert-graphiste.be\"],\"url\":\"https:\\\/\\\/www.expert-graphiste.be\\\/blog\\\/author\\\/olby\\\/\"}]}<\/script>\n<!-- \/ Yoast SEO plugin. -->","yoast_head_json":{"title":"R\u00e9partition de plusieurs objets - Le blog du graphiste InDesign - Trucs & astuces","robots":{"index":"index","follow":"follow","max-snippet":"max-snippet:-1","max-image-preview":"max-image-preview:large","max-video-preview":"max-video-preview:-1"},"canonical":"https:\/\/www.expert-graphiste.be\/blog\/repartition-de-plusieurs-objets\/","og_locale":"fr_FR","og_type":"article","og_title":"R\u00e9partition de plusieurs objets - Le blog du graphiste InDesign - Trucs & astuces","og_description":"Lorsque vous d\u00e9placez une poign\u00e9e lat\u00e9rale de plusieurs objets s\u00e9lectionn\u00e9s, vous les redimensionnez (en largeur et\/ou en hauteur). Il est possible d&rsquo;augmenter ou de r\u00e9duire proportionnellement l\u2019espace qui s\u00e9pare ces objets au lieu de redimensionner les objets eux-m\u00eames.","og_url":"https:\/\/www.expert-graphiste.be\/blog\/repartition-de-plusieurs-objets\/","og_site_name":"Le blog du graphiste","article_published_time":"2020-03-16T14:32:00+00:00","article_modified_time":"2025-02-08T14:39:48+00:00","og_image":[{"width":1294,"height":866,"url":"https:\/\/www.expert-graphiste.be\/blog\/wp-content\/uploads\/2020\/03\/Distribution.jpg","type":"image\/jpeg"}],"author":"Olivier","twitter_card":"summary_large_image","twitter_misc":{"\u00c9crit par":"Olivier","Dur\u00e9e de lecture estim\u00e9e":"1 minute"},"schema":{"@context":"https:\/\/schema.org","@graph":[{"@type":"Article","@id":"https:\/\/www.expert-graphiste.be\/blog\/repartition-de-plusieurs-objets\/#article","isPartOf":{"@id":"https:\/\/www.expert-graphiste.be\/blog\/repartition-de-plusieurs-objets\/"},"author":{"name":"Olivier","@id":"https:\/\/www.expert-graphiste.be\/blog\/#\/schema\/person\/944c6dee9a49722c7e750d3361d3990c"},"headline":"R\u00e9partition de plusieurs objets","datePublished":"2020-03-16T14:32:00+00:00","dateModified":"2025-02-08T14:39:48+00:00","mainEntityOfPage":{"@id":"https:\/\/www.expert-graphiste.be\/blog\/repartition-de-plusieurs-objets\/"},"wordCount":159,"publisher":{"@id":"https:\/\/www.expert-graphiste.be\/blog\/#\/schema\/person\/944c6dee9a49722c7e750d3361d3990c"},"image":{"@id":"https:\/\/www.expert-graphiste.be\/blog\/repartition-de-plusieurs-objets\/#primaryimage"},"thumbnailUrl":"https:\/\/www.expert-graphiste.be\/blog\/wp-content\/uploads\/2020\/03\/Distribution.jpg","keywords":["Bloc","InDesign","R\u00e9partition","Trucs &amp; astuces"],"articleSection":["Indesign","Trucs &amp; astuces"],"inLanguage":"fr-FR"},{"@type":"WebPage","@id":"https:\/\/www.expert-graphiste.be\/blog\/repartition-de-plusieurs-objets\/","url":"https:\/\/www.expert-graphiste.be\/blog\/repartition-de-plusieurs-objets\/","name":"R\u00e9partition de plusieurs objets - Le blog du graphiste InDesign - Trucs & astuces","isPartOf":{"@id":"https:\/\/www.expert-graphiste.be\/blog\/#website"},"primaryImageOfPage":{"@id":"https:\/\/www.expert-graphiste.be\/blog\/repartition-de-plusieurs-objets\/#primaryimage"},"image":{"@id":"https:\/\/www.expert-graphiste.be\/blog\/repartition-de-plusieurs-objets\/#primaryimage"},"thumbnailUrl":"https:\/\/www.expert-graphiste.be\/blog\/wp-content\/uploads\/2020\/03\/Distribution.jpg","datePublished":"2020-03-16T14:32:00+00:00","dateModified":"2025-02-08T14:39:48+00:00","breadcrumb":{"@id":"https:\/\/www.expert-graphiste.be\/blog\/repartition-de-plusieurs-objets\/#breadcrumb"},"inLanguage":"fr-FR","potentialAction":[{"@type":"ReadAction","target":["https:\/\/www.expert-graphiste.be\/blog\/repartition-de-plusieurs-objets\/"]}]},{"@type":"ImageObject","inLanguage":"fr-FR","@id":"https:\/\/www.expert-graphiste.be\/blog\/repartition-de-plusieurs-objets\/#primaryimage","url":"https:\/\/www.expert-graphiste.be\/blog\/wp-content\/uploads\/2020\/03\/Distribution.jpg","contentUrl":"https:\/\/www.expert-graphiste.be\/blog\/wp-content\/uploads\/2020\/03\/Distribution.jpg","width":1294,"height":866},{"@type":"BreadcrumbList","@id":"https:\/\/www.expert-graphiste.be\/blog\/repartition-de-plusieurs-objets\/#breadcrumb","itemListElement":[{"@type":"ListItem","position":1,"name":"Accueil","item":"https:\/\/www.expert-graphiste.be\/blog\/"},{"@type":"ListItem","position":2,"name":"R\u00e9partition de plusieurs objets"}]},{"@type":"WebSite","@id":"https:\/\/www.expert-graphiste.be\/blog\/#website","url":"https:\/\/www.expert-graphiste.be\/blog\/","name":"Le blog du graphiste\u00a0~ Olivier Berquin","description":"Des informations sur le monde du graphisme, d\u2019InDesign, de la typographie et d\u2019autres choses encore","publisher":{"@id":"https:\/\/www.expert-graphiste.be\/blog\/#\/schema\/person\/944c6dee9a49722c7e750d3361d3990c"},"potentialAction":[{"@type":"SearchAction","target":{"@type":"EntryPoint","urlTemplate":"https:\/\/www.expert-graphiste.be\/blog\/?s={search_term_string}"},"query-input":{"@type":"PropertyValueSpecification","valueRequired":true,"valueName":"search_term_string"}}],"inLanguage":"fr-FR"},{"@type":["Person","Organization"],"@id":"https:\/\/www.expert-graphiste.be\/blog\/#\/schema\/person\/944c6dee9a49722c7e750d3361d3990c","name":"Olivier","logo":{"@id":"https:\/\/www.expert-graphiste.be\/blog\/#\/schema\/person\/image\/"},"sameAs":["https:\/\/expert-graphiste.be"],"url":"https:\/\/www.expert-graphiste.be\/blog\/author\/olby\/"}]}},"_links":{"self":[{"href":"https:\/\/www.expert-graphiste.be\/blog\/wp-json\/wp\/v2\/posts\/805","targetHints":{"allow":["GET"]}}],"collection":[{"href":"https:\/\/www.expert-graphiste.be\/blog\/wp-json\/wp\/v2\/posts"}],"about":[{"href":"https:\/\/www.expert-graphiste.be\/blog\/wp-json\/wp\/v2\/types\/post"}],"author":[{"embeddable":true,"href":"https:\/\/www.expert-graphiste.be\/blog\/wp-json\/wp\/v2\/users\/1"}],"replies":[{"embeddable":true,"href":"https:\/\/www.expert-graphiste.be\/blog\/wp-json\/wp\/v2\/comments?post=805"}],"version-history":[{"count":10,"href":"https:\/\/www.expert-graphiste.be\/blog\/wp-json\/wp\/v2\/posts\/805\/revisions"}],"predecessor-version":[{"id":1172,"href":"https:\/\/www.expert-graphiste.be\/blog\/wp-json\/wp\/v2\/posts\/805\/revisions\/1172"}],"wp:featuredmedia":[{"embeddable":true,"href":"https:\/\/www.expert-graphiste.be\/blog\/wp-json\/wp\/v2\/media\/1169"}],"wp:attachment":[{"href":"https:\/\/www.expert-graphiste.be\/blog\/wp-json\/wp\/v2\/media?parent=805"}],"wp:term":[{"taxonomy":"category","embeddable":true,"href":"https:\/\/www.expert-graphiste.be\/blog\/wp-json\/wp\/v2\/categories?post=805"},{"taxonomy":"post_tag","embeddable":true,"href":"https:\/\/www.expert-graphiste.be\/blog\/wp-json\/wp\/v2\/tags?post=805"}],"curies":[{"name":"wp","href":"https:\/\/api.w.org\/{rel}","templated":true}]}}